{"id":2857,"date":"2023-11-27T09:41:59","date_gmt":"2023-11-27T08:41:59","guid":{"rendered":"http:\/\/radio.xreflector.es\/?p=2857"},"modified":"2023-11-27T09:41:59","modified_gmt":"2023-11-27T08:41:59","slug":"icom-europa-mueve-oficinas-alemania","status":"publish","type":"post","link":"https:\/\/radio.xreflector.es\/index.php\/2023\/11\/27\/icom-europa-mueve-oficinas-alemania\/","title":{"rendered":"ICom Europa mueve oficinas : Alemania"},"content":{"rendered":"\n<p><strong>Adquirimos nuestro propio edificio en Alemania y trasladamos nuestra base europea, 2,5 veces m\u00e1s grande.\u00a0Las ventas en Europa han aumentado aproximadamente un 40% respecto a hace tres a\u00f1os y estamos respondiendo al aumento del volumen de carga.<\/strong><\/p>\n\n\n<div class=\"wp-block-image\">\n<figure class=\"aligncenter size-full\"><img loading=\"lazy\" decoding=\"async\" width=\"800\" height=\"450\" src=\"http:\/\/radio.xreflector.es\/wp-content\/uploads\/2023\/11\/20231127113617-1.jpg\" alt=\"\" class=\"wp-image-2859\" srcset=\"https:\/\/radio.xreflector.es\/wp-content\/uploads\/2023\/11\/20231127113617-1.jpg 800w, https:\/\/radio.xreflector.es\/wp-content\/uploads\/2023\/11\/20231127113617-1-300x169.jpg 300w, https:\/\/radio.xreflector.es\/wp-content\/uploads\/2023\/11\/20231127113617-1-768x432.jpg 768w\" sizes=\"auto, (max-width: 800px) 100vw, 800px\" \/><\/figure>\n<\/div>\n\n<div class=\"wp-block-image\">\n<figure class=\"aligncenter size-full\"><img loading=\"lazy\" decoding=\"async\" width=\"800\" height=\"450\" src=\"http:\/\/radio.xreflector.es\/wp-content\/uploads\/2023\/11\/20231127113645.jpg\" alt=\"\" class=\"wp-image-2860\" srcset=\"https:\/\/radio.xreflector.es\/wp-content\/uploads\/2023\/11\/20231127113645.jpg 800w, https:\/\/radio.xreflector.es\/wp-content\/uploads\/2023\/11\/20231127113645-300x169.jpg 300w, https:\/\/radio.xreflector.es\/wp-content\/uploads\/2023\/11\/20231127113645-768x432.jpg 768w\" sizes=\"auto, (max-width: 800px) 100vw, 800px\" \/><\/figure>\n<\/div>\n\n\n<p>Icom Co., Ltd. (Hirano-ku, Osaka, Presidente: Yoji Nakaoka, TSE Prime) ha adquirido su propio edificio en Hesse, en el oeste de Alemania, donde se encuentra el aeropuerto de Frankfurt.&nbsp;El precio total de adquisici\u00f3n del terreno y el edificio es de 3,24 millones de euros (aproximadamente 520 millones de yenes).<\/p>\n\n\n\n<p>La ubicaci\u00f3n ser\u00e1 la ciudad de Heusenstamm, adyacente a Frankfurt, y las funciones de sede de la filial local, Icom (Europe) GmbH, se trasladar\u00e1n desde su ubicaci\u00f3n actual en Bad Soden am Taunus (Alemania).&nbsp;Programado para comenzar a operar a partir del mi\u00e9rcoles 6 de diciembre de 2023.<\/p>\n\n\n\n<p>El edificio es un edificio con estructura de acero de dos pisos con una superficie de solar de 3.832 metros cuadrados y una superficie total de 2.426 metros cuadrados.&nbsp;La superficie ser\u00e1 2,5 veces mayor que la de una oficina convencional, con el primer piso (1.552 metros cuadrados) utilizado como almac\u00e9n y el segundo piso (874 metros cuadrados) como espacio de oficinas.<br>Adem\u00e1s de ser una base de ventas, tambi\u00e9n est\u00e1 cerca del aeropuerto de Frankfurt, el aeropuerto central de Europa, y ha mejorado enormemente su funcionalidad como base log\u00edstica para los pa\u00edses europeos.<\/p>\n\n\n\n<h3 class=\"wp-block-heading\">Fuerte desempe\u00f1o en Europa, las ventas aumentaron un 25% en comparaci\u00f3n con el a\u00f1o anterior y aproximadamente un 40% en comparaci\u00f3n con hace 3 a\u00f1os.<\/h3>\n\n\n\n<p>Icom Europe, fundada en 1976, es una filial de ventas responsable de las ventas, las ventas y el soporte t\u00e9cnico para los distribuidores en Europa y Europa del Este.&nbsp;Las ventas de Icom en la regi\u00f3n europea (EMEA) fueron de 5,58 mil millones de yenes (a\u00f1o fiscal que finaliza en marzo de 2023), un aumento del 25% con respecto al a\u00f1o anterior (a\u00f1o fiscal que finaliza en marzo de 2022), hace tres a\u00f1os (a\u00f1o fiscal que finaliza en marzo de 2020). un incremento del 39%, mostrando un crecimiento a pesar de circunstancias adversas como la pandemia de coronavirus.&nbsp;Decidimos reubicar nuestra oficina porque la cantidad de carga que manejamos est\u00e1 aumentando y nuestra oficina existente se est\u00e1 volviendo demasiado peque\u00f1a.<\/p>\n\n\n\n<p>Esta es la primera vez que adquirimos nuestro propio edificio en Europa.&nbsp;Nuestras bases en el extranjero incluyen edificios en Icom America (Kirkland) y Australia (Melbourne).<\/p>\n<p>Visitas: 263<\/p>","protected":false},"excerpt":{"rendered":"<p>Adquirimos nuestro propio edificio en Alemania y trasladamos nuestra base europea, 2,5 veces m\u00e1s grande.\u00a0Las ventas en Europa han aumentado aproximadamente un 40% respecto a hace tres a\u00f1os y estamos respondiendo al aumento del volumen de carga. Icom Co., Ltd. (Hirano-ku, Osaka, Presidente: Yoji Nakaoka, TSE Prime) ha adquirido su propio edificio en Hesse, en [&hellip;]<\/p>\n","protected":false},"author":1,"featured_media":2858,"comment_status":"open","ping_status":"open","sticky":false,"template":"","format":"standard","meta":{"footnotes":""},"categories":[1],"tags":[],"class_list":["post-2857","post","type-post","status-publish","format-standard","has-post-thumbnail","hentry","category-digital-digital"],"_links":{"self":[{"href":"https:\/\/radio.xreflector.es\/index.php\/wp-json\/wp\/v2\/posts\/2857","targetHints":{"allow":["GET"]}}],"collection":[{"href":"https:\/\/radio.xreflector.es\/index.php\/wp-json\/wp\/v2\/posts"}],"about":[{"href":"https:\/\/radio.xreflector.es\/index.php\/wp-json\/wp\/v2\/types\/post"}],"author":[{"embeddable":true,"href":"https:\/\/radio.xreflector.es\/index.php\/wp-json\/wp\/v2\/users\/1"}],"replies":[{"embeddable":true,"href":"https:\/\/radio.xreflector.es\/index.php\/wp-json\/wp\/v2\/comments?post=2857"}],"version-history":[{"count":1,"href":"https:\/\/radio.xreflector.es\/index.php\/wp-json\/wp\/v2\/posts\/2857\/revisions"}],"predecessor-version":[{"id":2861,"href":"https:\/\/radio.xreflector.es\/index.php\/wp-json\/wp\/v2\/posts\/2857\/revisions\/2861"}],"wp:featuredmedia":[{"embeddable":true,"href":"https:\/\/radio.xreflector.es\/index.php\/wp-json\/wp\/v2\/media\/2858"}],"wp:attachment":[{"href":"https:\/\/radio.xreflector.es\/index.php\/wp-json\/wp\/v2\/media?parent=2857"}],"wp:term":[{"taxonomy":"category","embeddable":true,"href":"https:\/\/radio.xreflector.es\/index.php\/wp-json\/wp\/v2\/categories?post=2857"},{"taxonomy":"post_tag","embeddable":true,"href":"https:\/\/radio.xreflector.es\/index.php\/wp-json\/wp\/v2\/tags?post=2857"}],"curies":[{"name":"wp","href":"https:\/\/api.w.org\/{rel}","templated":true}]}}